{"id":103,"date":"2022-09-01T09:37:19","date_gmt":"2022-09-01T09:37:19","guid":{"rendered":"http:\/\/frankster.de\/?p=103"},"modified":"2023-02-04T09:26:30","modified_gmt":"2023-02-04T09:26:30","slug":"radio-gaga-nein-totale-radio-liebe","status":"publish","type":"post","link":"http:\/\/frankster.de\/?p=103","title":{"rendered":"Radio-Liebe"},"content":{"rendered":"<p><em>Radio GaGa? Nein, totale Radio-Liebe!<\/em><\/p>\n<p><strong>F\u00fcr mich ist Radio ein wichtiger Teil meines Lebens \u2013 und irgendwie schon immer gewesen.<\/strong><\/p>\n<p>Nicht nur, dass ich selbst f\u00fcr einige Monate beim Frankfurter Stadtradio vor dem Mikrofon sa\u00df und seit \u00fcber einem Jahrzehnt mit meinen Podcasts quasi ein eigenes \u201eAbruf-Radio\u201c (oder zumindest eine radio\u00e4hnliche Sendung) betreibe, nein, noch viel intensiver erinnere ich mich, wie in meiner Kindheit bei Autofahrten mit meinen Eltern eigentlich immer ein Radiosender lief und wie mein Vater bei einigen Oldies mitsang oder -pfiff.<\/p>\n<p>Am Esstisch \u2013 insbesondere zum Fr\u00fchst\u00fcck \u2013 lasse ich am liebsten einen (Oldie-)Radiosender im Hintergrund dudeln. Sofern meine Frau nicht im Raum ist, darf es auch gerne ein Schlagersender sein. Auf der Arbeit hat leider meine Kollegin die Hoheit \u00fcber die Senderbestimmung, also l\u00e4uft hier einer dieser d\u00e4mlichen \u201ebis Zielgruppe Alter 49\u201c Radiosender, auf denen tr\u00f6stlicherweise zu 25% kein M\u00fcll l\u00e4uft. Wenn es einmal \u201eSpoken Word\u201c zu aktuellen Weltgeschehnissen sein soll, ziehe ich mir zuhause auch ganz gerne mal einen \u00f6ffentlich-rechtlichen, regionalen Nachrichtensender rein.<\/p>\n<p>Ich wei\u00df nicht, ob das in allen Bundesl\u00e4ndern der Fall ist, aber in Hessen und Bayern bedeuten \u201e1\u201c im Titel die Oldie-Sender, \u201e3\u201c ist der Mainstream-Hauptsender. Als Konkurrenz zum Hauptprogramm gibt es immer mindestens einen gleich- oder \u00e4hnlich gro\u00dfen Privatsender\u00a0<em>(in Hessen \u201eFFH\u201c zu HR3, hier in Bayern \u201eAntenne Bayern\u201c zu BR3)<\/em>.<\/p>\n<p>Die Auswahl ist \u2013 nicht zuletzt dank zahlreichen in den letzten Jahren digital gestartete Angeboten \u2013 im wahrsten Sinne des Wortes explodiert: F\u00fcr jede Musikrichtung gibt es einen Ableger eines zumeist allgemeinen gr\u00f6\u00dferen Senders\u00a0<em>(von den vielen Nischenprogrammen gar nicht erst zu reden)<\/em>. Radio ist so vielf\u00e4ltig, dass es eigentlich fast schon wieder \u201ecool\u201c sein k\u00f6nnte. Fast. W\u00e4re da nicht der Hauch der Staubs, der \u201eRadio h\u00f6ren\u201c umweht.<\/p>\n<p>Insbesondere in der Vergangenheit hatte das Radio einen erheblichen Einfluss auf viele Aspekte unseres Lebens, einschlie\u00dflich Bildung, Nachrichten, Unterhaltung und Krieg. Durch die \u00dcbertragung von Informationen \u00fcber gro\u00dfe Entfernungen trugen Radios dazu bei, das Lernen und Verstehen neuer Kulturen zu erleichtern. Radio erm\u00f6glichte den Menschen, auch unterwegs mit ihren Freunden und ihrer Familie in Verbindung zu bleiben \u2013 und es sei es nur durch Gru\u00dfbotschaften in einer Wunschliedsendung\u00a0<em>(Ich selbst erinnere mich daran, dass ich in den 1990\u2019ern gerne mit \u201eIch find Dich scheisse\u201c von TicTacToe meine damalige Klasse gegr\u00fcsst habe).<\/em><\/p>\n<p>Trotz der positiven Aspekte des Radios gab es in der Vergangenheit auch eine Reihe negativer Dinge. Es ist beispielsweise bekannt, dass Sender Musik manipulieren, um sie popul\u00e4rer zu machen oder Zuh\u00f6rer zu t\u00e4uschen. Die Rotation, in der gerade bei den \u201eangesagteren, allgemeineren\u201c Sendern immer und immer wieder die gleiche Musik spielt, ist extrem auff\u00e4llig. Dar\u00fcber hinaus ist die Werbeunterbrechung f\u00fcr viele Zuh\u00f6rer \u2013 \u00e4hnlich wie beim Fernsehen \u2013 nicht immer in ertr\u00e4glichem Ma\u00df vorhanden und zwingt zum Senderwechsel.<\/p>\n<p>A propos Senderwechsel: Als Wahlbayer (<em>wenn auch nur an der Grenze zu Hessen)<\/em>\u00a0habe ich nat\u00fcrlich nach dem Umzug direkt von den HR-Sendern auf \u201eBR\u201c umgestellt. Wenn Talk-Urgestein Thomas Koschwitz hingegen auf HR1 seine Morningshow moderiert, muss auch in Bayern wieder das hessische Ohr her halten, genau wie am Samstag, wenn Werner Reinke auf Sendung geht.<\/p>\n<p><em>Wie siehts bzw. h\u00f6rt es sich bei euch an? Seid Ihr vollkommen im Streaming-Zeitalter angekommen und h\u00f6rt nur noch Alben- und Playlists auf Spotify &amp; Co. oder lasst ihr euch auch ganz gerne nochmal durch eine Sendung f\u00fchren?<\/em><\/p>\n","protected":false},"excerpt":{"rendered":"<p>Radio GaGa? Nein, totale Radio-Liebe! F\u00fcr mich ist Radio ein wichtiger Teil meines Lebens \u2013&#8230;<\/p>\n","protected":false},"author":1,"featured_media":104,"comment_status":"open","ping_status":"open","sticky":false,"template":"","format":"standard","meta":{"footnotes":""},"categories":[7],"tags":[8,9,10,11,12,13],"class_list":["post-103","post","type-post","status-publish","format-standard","has-post-thumbnail","hentry","category-medien","tag-br1","tag-br3","tag-hr1","tag-hr3","tag-radio","tag-radio-gaga","wpcat-7-id"],"_links":{"self":[{"href":"http:\/\/frankster.de\/index.php?rest_route=\/wp\/v2\/posts\/103","targetHints":{"allow":["GET"]}}],"collection":[{"href":"http:\/\/frankster.de\/index.php?rest_route=\/wp\/v2\/posts"}],"about":[{"href":"http:\/\/frankster.de\/index.php?rest_route=\/wp\/v2\/types\/post"}],"author":[{"embeddable":true,"href":"http:\/\/frankster.de\/index.php?rest_route=\/wp\/v2\/users\/1"}],"replies":[{"embeddable":true,"href":"http:\/\/frankster.de\/index.php?rest_route=%2Fwp%2Fv2%2Fcomments&post=103"}],"version-history":[{"count":2,"href":"http:\/\/frankster.de\/index.php?rest_route=\/wp\/v2\/posts\/103\/revisions"}],"predecessor-version":[{"id":142,"href":"http:\/\/frankster.de\/index.php?rest_route=\/wp\/v2\/posts\/103\/revisions\/142"}],"wp:featuredmedia":[{"embeddable":true,"href":"http:\/\/frankster.de\/index.php?rest_route=\/wp\/v2\/media\/104"}],"wp:attachment":[{"href":"http:\/\/frankster.de\/index.php?rest_route=%2Fwp%2Fv2%2Fmedia&parent=103"}],"wp:term":[{"taxonomy":"category","embeddable":true,"href":"http:\/\/frankster.de\/index.php?rest_route=%2Fwp%2Fv2%2Fcategories&post=103"},{"taxonomy":"post_tag","embeddable":true,"href":"http:\/\/frankster.de\/index.php?rest_route=%2Fwp%2Fv2%2Ftags&post=103"}],"curies":[{"name":"wp","href":"https:\/\/api.w.org\/{rel}","templated":true}]}}