{"id":279,"date":"2025-04-26T11:39:13","date_gmt":"2025-04-26T11:39:13","guid":{"rendered":"https:\/\/frankster.de\/?p=279"},"modified":"2025-06-18T10:02:03","modified_gmt":"2025-06-18T10:02:03","slug":"mein-lesejahr-2025-quartal-1","status":"publish","type":"post","link":"http:\/\/frankster.de\/?p=279","title":{"rendered":"Mein Lesejahr 2025 (Quartal 1)"},"content":{"rendered":"<p><em><span style=\"color: #ff0000;\">Ich lese gerne. Nicht so viel, wie ich gerne w\u00fcrde, aber ein paar B\u00fccher im Quartal sind es schon &#8211; insbesondere weil ich wert darauf lege, dass meine Kinder mitbekommen, wie toll Geschichten in Schriftform sind. Dementsprechend wird bei uns Abends auch viel vorgelesen. Anyway(s): Hier ist eine Auflistung und meine kurze Meinung zu den Werken, die ich im 1. Quartal des Jahres 2025 inhaliert habe:<\/span><\/em><\/p>\n<p>&nbsp;<\/p>\n<p><strong>Otfried Preu\u00dfler &#8211; Der R\u00e4uber Hotzenplotz<\/strong><\/p>\n<p>Im ersten &#8222;R\u00e4uber Hotzenplotz&#8220; Roman entf\u00fchrt der ber\u00fcchtigte R\u00e4uber Gro\u00dfmutters Kaffeem\u00fchle, und Kasperl und Seppel machen sich auf den Weg, ihn durch List und Mut zu fangen. Dabei geraten sie in spannende Abenteuer, treffen auf den Zauberer Zwackelmann und lernen, dass Cleverness oft st\u00e4rker als rohe Kraft ist.<\/p>\n<p><em>Das Buch kam erstaunlicher Weise sehr gut bei meinen beiden Jungs (damals vier und sechs Jahre jung) an und lie\u00df sich einigerma\u00dfen gut vorlesen, wenn auch teilweise mit veralteten Worten und ausdr\u00fccken (es k\u00f6nnte allerdings sein, dass diese in sp\u00e4teren Versionen angepasst wurden. Mein Exemplar war schon ziemlich alt.) Definitiv ein Kinderbuch, welches auch heute noch problemlos vorgelesen werden kann. &#8222;Zeitlos&#8220; k\u00f6nnte man dazu wohl sagen.<\/em><\/p>\n<p>&nbsp;<\/p>\n<p><strong>Bas Kast &#8211; Kompass f\u00fcr die Seele<\/strong><\/p>\n<p>In &#8222;Kompass f\u00fcr die Seele&#8220; pr\u00e4sentiert Bas Kast zehn wissenschaftlich fundierte Strategien, um das seelische Wohlbefinden zu st\u00e4rken, darunter Ern\u00e4hrung, Bewegung und Meditation. Das Buch kombiniert neueste Studien mit pers\u00f6nlichen Erfahrungen des Autors und bietet praktische Ans\u00e4tze, um Stress und Ersch\u00f6pfung zu bew\u00e4ltigen.<\/p>\n<p><em>Man kann &#8222;Bas Kast&#8220; nach seinem &#8222;Ern\u00e4hrungskompass&#8220; wahrscheinlich schwerlich noch als Insider-Tipp bezeichnen. F\u00fcr mich ist er einer der Menschen, die einfach alles erkl\u00e4ren k\u00f6nnen und das dabei so gut und einleuchtend machen, dass man die Werke durchaus mehr als einmal lesen kann. Und so wird es auch nicht das letzte Mal gewesen sein, dass ich den &#8222;Kompass f\u00fcr die Seele&#8220; zur Hand genommen haben werde.<\/em><\/p>\n<p>&nbsp;<\/p>\n<p><strong>Suza Kolb &#8211; Emil Einstein (Teil 2): Die weltbeste Dieb-Schreck-Falle<\/strong><\/p>\n<p>In &#8222;Emil Einstein \u2013 Die weltbeste Dieb-Schreck-Falle&#8220; erlebt Emil ein spannendes Abenteuer, als sein geheimer Super-Apfelsaft verschwindet und er verd\u00e4chtige Spuren entdeckt. Gemeinsam mit seinen tierischen Freunden entwickelt er eine geniale Falle, um den Dieb zu schnappen, und findet gleichzeitig einen Weg, ein aufregendes Rennen zu gewinnen \u2013 auch ohne den Saft.<\/p>\n<p>Auf der Suche nach &#8222;neuer Kinderliteratur&#8220; bin ich Dank einem Arbeitskollegen auf die Emil Einstein-Reihe aufmerksam geworden. Diese l\u00e4sst sich ganz gut vorlesen; insbesondere die Kapitel haben eine gute L\u00e4nge f\u00fcrs Vorlesen vor dem Schlafen gehen. Inhaltlich sind die B\u00fccher&#8230; na ja, dr\u00fccken wir es mal nett aus: Keine Klassiker. Inzwischen umfasst die Reihe wohl sechs B\u00e4nde, von denen allerdings nur die ersten zwei in unserer Bibliothek vorr\u00e4tig sind. Ergo endet hiermit auch unsere Begegnung mit dem kleinen Erfinder.<\/p>\n<p>&nbsp;<\/p>\n<p><strong>D\u00f6rte Hansen &#8211; Mittagsstunde\u00a0<\/strong><\/p>\n<p>In &#8222;Mittagsstunde&#8220; erz\u00e4hlt D\u00f6rte Hansen die Geschichte des fiktiven nordfriesischen Dorfs Brinkeb\u00fcll, das durch den Strukturwandel und die Flurbereinigung tiefgreifende Ver\u00e4nderungen erlebt. Der Arch\u00e4ologe Ingwer Feddersen kehrt in seine Heimat zur\u00fcck, um sich um seine alternden Gro\u00dfeltern zu k\u00fcmmern, und wird dabei mit den Verlusten, Erinnerungen und der Suche nach Zugeh\u00f6rigkeit konfrontiert.<\/p>\n<p><em>Ich wollte schon seit Jahren mal ein Buch von D\u00f6rte Hansen lesen, insbesondere nachdem ich vor einigen Monaten eine sehr wohlwollende Kritik zu Ihrem Buch &#8222;Altes Land&#8220; gelesen hatte.Ich wurde nicht entt\u00e4uscht. D\u00f6rte Hansen schafft es auf einzigartige Weise, Ihre Leser in Ihre Heimat Nordfrie\u00dfland mitzunehmen und dort mehrere Jahrzehnte auf Papier zu begleiten.<\/em><\/p>\n<p>&nbsp;<\/p>\n<p><strong>Larry Correai &#8211; W\u00e4chter<\/strong><\/p>\n<p>In &#8222;W\u00e4chter&#8220; aus der Monster Hunter-Reihe von Larry Correia wird Julie Shackleford, die H\u00fcterin eines m\u00e4chtigen Artefakts, mit einer uralten b\u00f6sen Kreatur namens Bruder Tod konfrontiert, die das Artefakt stehlen will. Als ihr Sohn entf\u00fchrt wird, muss Julie gegen Monster und einen Totenkult k\u00e4mpfen, um ihn zu retten und die Realit\u00e4t vor der Zerst\u00f6rung zu bewahren.<\/p>\n<p><em>Die &#8222;Monster Hunter&#8220; Reihe bei Audible ist seit Jahren ein absolutes &#8222;guilty pleasure&#8220; f\u00fcr meine Ohren. Leider bin ich mit &#8222;W\u00e4chter&#8220; inzwischen ans Ende gekommen &#8211; zumindest was die deutschen \u00dcbersetzungen der Reihe angeht. Und da das Amazon-Unternehmen seit Jahren eher schlechter als besser wird und sogar Audible-exklusive Auftragsarbeiten nach Ablauf der Lizenzzeiten verschwinden und nicht mehr vermarktet werden, mache ich mir da ehrlich gesagt wenig Hoffnung auf eine weitere Fortsetzung. Bis zu &#8222;W\u00e4chter&#8220; kann ich jedem Horrorserien-Fan die Reihe allerdings bedenkenlos ans Herz legen.<\/em><\/p>\n<p>&nbsp;<\/p>\n<p><strong>Michael Ende &#8211; Jim Knopf und die Wilde 13<\/strong><\/p>\n<p>In &#8222;Jim Knopf und die Wilde 13&#8220; begeben sich Jim und Lukas auf ein Abenteuer, um den Scheinriesen Herr Tur Tur als Leuchtturmw\u00e4rter f\u00fcr Lummerland zu gewinnen. Dabei stellen sie sich der ber\u00fcchtigten Piratenbande Wilde 13, entdecken Jims wahre Herkunft und erleben eine Geschichte voller Mut, Freundschaft und Fantasie.<\/p>\n<p><em>Ich muss zugeben: Schon der erste &#8222;Jim Knopf&#8220;-Roman war (zumindest in der mir vorliegenden Fassung) etwas&#8230; altmodisch und man(n) muss beim Vorlesen schon aufpassen, dass man nicht in damals \u00fcbliche und demnach heute nicht mehr angebrachte Rollenklischees und Bezeichnungen verf\u00e4llt. Das Vorlesen vom zweiten Teil machte demnach auch wieder wesentlich weniger Spa\u00df als ich es vorher gedacht h\u00e4tte.\u00a0<\/em><\/p>\n<p>&nbsp;<\/p>\n<p><strong>Benjamin von Stuckrad-Barre &#8211; Noch wach?<\/strong><\/p>\n<p>In &#8222;Noch wach?&#8220; von Benjamin von Stuckrad-Barre wird Machtmissbrauch in der Medienbranche thematisiert, wobei der Erz\u00e4hler zwischen Loyalit\u00e4t zu einem m\u00e4chtigen Freund und der Unterst\u00fctzung von Missbrauchsopfern hin- und hergerissen ist. Der Roman beleuchtet die #MeToo-Bewegung und die Abgr\u00fcnde von Machtstrukturen, w\u00e4hrend er zugleich pers\u00f6nliche Konflikte und gesellschaftliche Dynamiken schildert.<\/p>\n<p><em>Im Gegensatz zu seinen Fr\u00fchwerken, die ich sehr gerne gelesen habe, ist Stuckrad-Barre &#8211; zumindest in Schriftform und was explizit diesen Roman angeht &#8211; zwischenzeitlich unertr\u00e4glich geworden. Ich hab den Roman angefangen und nach einem Viertel konnte ich einfach nicht mehr. Schriftform, Formulierung&#8230; schrecklich. Was hingegen sehr, sehr gut funktioniert und diesen Roman eindeutig aufgewertet hat: Stuckrad-Barre sein eigenes Werk vorlesen lassen &#8211; z.B. auf Spotify. Schriftlich w\u00fcrde es ich meinem schlimmsten Feind nicht weiterempfehlen; als H\u00f6rbuch aber ein echt gutes Buch.<\/em><\/p>\n<p>&nbsp;<\/p>\n<p>&nbsp;<\/p>\n<p>&nbsp;<\/p>\n<p>&nbsp;<\/p>\n<p>&nbsp;<\/p>\n","protected":false},"excerpt":{"rendered":"<p>Ich lese gerne. Nicht so viel, wie ich gerne w\u00fcrde, aber ein paar B\u00fccher im&#8230;<\/p>\n","protected":false},"author":1,"featured_media":290,"comment_status":"open","ping_status":"open","sticky":false,"template":"","format":"standard","meta":{"footnotes":""},"categories":[72,7],"tags":[92,93,95,96,94,91],"class_list":["post-279","post","type-post","status-publish","format-standard","has-post-thumbnail","hentry","category-buecher","category-medien","tag-books","tag-booktube","tag-buecher","tag-buechertipps","tag-lesejahr","tag-lesen","wpcat-72-id","wpcat-7-id"],"_links":{"self":[{"href":"http:\/\/frankster.de\/index.php?rest_route=\/wp\/v2\/posts\/279","targetHints":{"allow":["GET"]}}],"collection":[{"href":"http:\/\/frankster.de\/index.php?rest_route=\/wp\/v2\/posts"}],"about":[{"href":"http:\/\/frankster.de\/index.php?rest_route=\/wp\/v2\/types\/post"}],"author":[{"embeddable":true,"href":"http:\/\/frankster.de\/index.php?rest_route=\/wp\/v2\/users\/1"}],"replies":[{"embeddable":true,"href":"http:\/\/frankster.de\/index.php?rest_route=%2Fwp%2Fv2%2Fcomments&post=279"}],"version-history":[{"count":13,"href":"http:\/\/frankster.de\/index.php?rest_route=\/wp\/v2\/posts\/279\/revisions"}],"predecessor-version":[{"id":296,"href":"http:\/\/frankster.de\/index.php?rest_route=\/wp\/v2\/posts\/279\/revisions\/296"}],"wp:featuredmedia":[{"embeddable":true,"href":"http:\/\/frankster.de\/index.php?rest_route=\/wp\/v2\/media\/290"}],"wp:attachment":[{"href":"http:\/\/frankster.de\/index.php?rest_route=%2Fwp%2Fv2%2Fmedia&parent=279"}],"wp:term":[{"taxonomy":"category","embeddable":true,"href":"http:\/\/frankster.de\/index.php?rest_route=%2Fwp%2Fv2%2Fcategories&post=279"},{"taxonomy":"post_tag","embeddable":true,"href":"http:\/\/frankster.de\/index.php?rest_route=%2Fwp%2Fv2%2Ftags&post=279"}],"curies":[{"name":"wp","href":"https:\/\/api.w.org\/{rel}","templated":true}]}}