{"id":327,"date":"2025-06-24T05:11:01","date_gmt":"2025-06-24T05:11:01","guid":{"rendered":"https:\/\/frankster.de\/?p=327"},"modified":"2025-06-24T11:14:43","modified_gmt":"2025-06-24T11:14:43","slug":"in-erinnerung-an-guenter-zapf-1957-%e2%80%a02024","status":"publish","type":"post","link":"http:\/\/frankster.de\/?p=327","title":{"rendered":"In Erinnerung an G\u00fcnter Zapf (*1957 &#8211; \u20202024)"},"content":{"rendered":"<p style=\"text-align: center;\"><em><u>Fotoquelle:<\/u> \u201eG\u00fcnter Zapf 2023 in London\u201c, Author: Fraxs via Wikipedia &#8211;<br \/>\n<a href=\"https:\/\/commons.wikimedia.org\/wiki\/File:G%C3%BCnter_Zapf_(cropped).jpg\">https:\/\/commons.wikimedia.org\/wiki\/File:G%C3%BCnter_Zapf_(cropped).jpg<\/a> &#8211;<br \/>\nmade available under the Creative Commons CC0 1.0 Universal Public Domain<\/em><\/p>\n<p>&nbsp;<\/p>\n<p><strong>Heute vor einem Jahr verstarb G\u00fcnter Zapf.<\/strong><\/p>\n<p>Ich hatte leider nie die Ehre, G\u00fcnter pers\u00f6nlich kennen zu lernen und habe trotzdem seit inzwischen zw\u00f6lf Monaten das Gef\u00fchl, einen wirklich besonderen Menschen verloren zu haben. Ich erwische mich dabei, wie ich oft an ihn denke und wie er es schaffte, seine Begeisterung beim Kommentieren des Geschehens im Wrestlingring auf die Zuschauer zu \u00fcbertragen. Das konnte er wie kein Zweiter und wahrscheinlich wird das auch niemand nach ihm mehr so gut machen (&#8230;<em>auch wenn die Qualit\u00e4t bei den deutschen Kommentatoren nach den Totalausf\u00e4llen Anfang der 00&#8217;er Jahre durch Ritter, Krap, Retzer &amp; Co. im DSF heute mit beispielsweise <\/em><em>Walandi Tsanti oder auch Sebastian Hackl wieder hochwertig ist. Von den Herren der &#8222;alten Garde&#8220; w\u00fcrde ich ansonsten eigentlich nur Oliver Copp extrem positiv hervorheben &#8211; aber das ist ja Gott sei Dank Geschmackssache.)\u00a0<\/em><\/p>\n<p>F\u00fcr deutschsprachige Wrestlingfans meiner Generation war G\u00fcnter auf jeden Fall von den 1990&#8217;er Jahren bis weit ins neue Jahrtausend gemeinsam mit Carsten Sch\u00e4fer die Stimme &#8222;unseres Sports&#8220; als Moderator der WWF\/WWE. Wenn mich meine Erinnerung nicht t\u00e4uscht, tauchte G\u00fcnter damals quasi als Nachfolger f\u00fcr die seitdem ebenfalls schmerzlich vermisste Uli Fesseler auf (der es in Kalifornien hoffentlich nach wie vor gut geht) und wusste den Platz neben Carsten innerhalb k\u00fcrzester Zeit mehr als nur zufriedenstellend zu f\u00fcllen.<\/p>\n<p>Fans des American Footballs in Deutschland kannten G\u00fcnter selbstverst\u00e4ndlich noch viel l\u00e4nger, denn wenn einer weitere Leidenschaft G\u00fcnter Zapf in Deutschland repr\u00e4sentierte, dann war es dieser Sport. In sp\u00e4teren Jahren blieb G\u00fcnter jedoch auch dem Wrestling treu &#8211; als Moderator f\u00fcr Lucha Underground, AEW und nat\u00fcrlich als Autor in seinem <a href=\"https:\/\/guenterzapfblog.wordpress.com\/\">leider viel zu schnell wieder aufgegebenen Blog<\/a>.<\/p>\n<p>G\u00fcnter Zapf starb am 24. Juni 2024 nach schwerer Krankheit im Alter von 66 Jahren. Er hinterl\u00e4sst tausende Fans meiner Generation, die sich wahrscheinlich ewig an seine Stimme erinnern werden.<\/p>\n<p>Wenn auch ihr eure Erinnerung an G\u00fcnter mit mir teilen wollt, k\u00f6nnt ihr das gerne unten in den Kommentaren machen.<\/p>\n<p>&#8212; Frankster<\/p>\n<p>&nbsp;<\/p>\n","protected":false},"excerpt":{"rendered":"<p>Fotoquelle: \u201eG\u00fcnter Zapf 2023 in London\u201c, Author: Fraxs via Wikipedia &#8211; https:\/\/commons.wikimedia.org\/wiki\/File:G%C3%BCnter_Zapf_(cropped).jpg &#8211; made available&#8230;<\/p>\n","protected":false},"author":1,"featured_media":333,"comment_status":"open","ping_status":"open","sticky":false,"template":"","format":"standard","meta":{"footnotes":""},"categories":[57,70],"tags":[86,85,24,25,87],"class_list":["post-327","post","type-post","status-publish","format-standard","has-post-thumbnail","hentry","category-rip","category-wrestling","tag-carsten-schaefer","tag-guenter-zapf","tag-wrestling","tag-wwe","tag-wwf","wpcat-57-id","wpcat-70-id"],"_links":{"self":[{"href":"http:\/\/frankster.de\/index.php?rest_route=\/wp\/v2\/posts\/327","targetHints":{"allow":["GET"]}}],"collection":[{"href":"http:\/\/frankster.de\/index.php?rest_route=\/wp\/v2\/posts"}],"about":[{"href":"http:\/\/frankster.de\/index.php?rest_route=\/wp\/v2\/types\/post"}],"author":[{"embeddable":true,"href":"http:\/\/frankster.de\/index.php?rest_route=\/wp\/v2\/users\/1"}],"replies":[{"embeddable":true,"href":"http:\/\/frankster.de\/index.php?rest_route=%2Fwp%2Fv2%2Fcomments&post=327"}],"version-history":[{"count":11,"href":"http:\/\/frankster.de\/index.php?rest_route=\/wp\/v2\/posts\/327\/revisions"}],"predecessor-version":[{"id":345,"href":"http:\/\/frankster.de\/index.php?rest_route=\/wp\/v2\/posts\/327\/revisions\/345"}],"wp:featuredmedia":[{"embeddable":true,"href":"http:\/\/frankster.de\/index.php?rest_route=\/wp\/v2\/media\/333"}],"wp:attachment":[{"href":"http:\/\/frankster.de\/index.php?rest_route=%2Fwp%2Fv2%2Fmedia&parent=327"}],"wp:term":[{"taxonomy":"category","embeddable":true,"href":"http:\/\/frankster.de\/index.php?rest_route=%2Fwp%2Fv2%2Fcategories&post=327"},{"taxonomy":"post_tag","embeddable":true,"href":"http:\/\/frankster.de\/index.php?rest_route=%2Fwp%2Fv2%2Ftags&post=327"}],"curies":[{"name":"wp","href":"https:\/\/api.w.org\/{rel}","templated":true}]}}